{"id":4498,"date":"2021-05-28T10:55:37","date_gmt":"2021-05-28T08:55:37","guid":{"rendered":"https:\/\/www.xbrleurope.org\/?p=4498"},"modified":"2021-07-06T02:22:26","modified_gmt":"2021-07-06T00:22:26","slug":"digital-event-on-sustainability-esg-reporting","status":"publish","type":"post","link":"https:\/\/www.xbrleurope.org\/?p=4498","title":{"rendered":"Digital event on Sustainability\/ESG reporting"},"content":{"rendered":"\n<p><strong>XBRL Europe held a Digital Event on Sustainability\/ESG.<\/strong><\/p>\n<table style=\"border-collapse: collapse; width: 100%;\">\n<tbody>\n<tr>\n<td style=\"width: 100%; background-color: #8da1f2; text-align: center;\"><span style=\"font-size: 28px; color: #ffffff;\"><strong>ESG<\/strong><\/span><\/td>\n<\/tr>\n<\/tbody>\n<\/table>\n<p>DATE: 24th June Afternoon.<br \/>REGISTER TO THE WEBINAR (free registration open to members and non-members)<br \/>See similar <a href=\"https:\/\/www.xbrleurope.org\/?p=4480\">XBRL Europe webinars<\/a> on other topics.<\/p>\n<p style=\"text-align: center;\">\u00a0<\/p>\n<p><strong>Thursday 24th June \u2013 14:00-17:00 \u2013 Sustainability\/ ESG\u00a0 reporting Track:<\/strong><\/p>\n<p>During three hours several presentations will be held on Environmental, Social, and\u00a0 Governance reporting. Please find below the overview of speakers which will give a presentation during this session.\u00a0<\/p>\n<p>PROGRAM<\/p>\n<ul>\n<li>14:00 <strong>Welcome words, Introduction and moderation<\/strong> <a href=\"#Rene\">Ren\u00e9 van der Meij co Chair of XBRL Europe Sustainability \/ ESG Working Group<\/a>, <a href=\"#Gilles\">Gilles Maguet CEO XBRL Europe<\/a>\u00a0 \u00a0<a href=\"https:\/\/www.xbrleurope.org\/wp-content\/uploads\/2021\/05\/1-Welcome-at-the-XBRL-EUROPE-DIGITAL-EVENT_2021.pdf\"><img loading=\"lazy\" decoding=\"async\" class=\"alignnone  wp-image-1772\" src=\"https:\/\/www.xbrleurope.org\/wp-content\/uploads\/2018\/12\/Adobe_Acrobat.png\" alt=\"\" width=\"45\" height=\"45\" srcset=\"https:\/\/www.xbrleurope.org\/wp-content\/uploads\/2018\/12\/Adobe_Acrobat.png 256w, https:\/\/www.xbrleurope.org\/wp-content\/uploads\/2018\/12\/Adobe_Acrobat-150x150.png 150w, https:\/\/www.xbrleurope.org\/wp-content\/uploads\/2018\/12\/Adobe_Acrobat-46x46.png 46w\" sizes=\"auto, (max-width: 45px) 100vw, 45px\" \/>\u00a0 <\/a><a href=\"https:\/\/www.xbrleurope.org\/wp-content\/uploads\/2021\/05\/ESG-Sustainability-reporting-digital-event-24-June-28th-XBRL-Europe-digital-week_INTRODUCTION-.mp4\"><img loading=\"lazy\" decoding=\"async\" class=\"alignnone  wp-image-4761\" src=\"https:\/\/www.xbrleurope.org\/wp-content\/uploads\/2021\/05\/video.jpg\" alt=\"\" width=\"45\" height=\"45\" srcset=\"https:\/\/www.xbrleurope.org\/wp-content\/uploads\/2021\/05\/video.jpg 225w, https:\/\/www.xbrleurope.org\/wp-content\/uploads\/2021\/05\/video-150x150.jpg 150w, https:\/\/www.xbrleurope.org\/wp-content\/uploads\/2021\/05\/video-46x46.jpg 46w\" sizes=\"auto, (max-width: 45px) 100vw, 45px\" \/><\/a><\/li>\n<li><a href=\"#patrick\">14:10 <strong>Keynote address &#8211; <\/strong><strong>About CSRD and the ESG in the EU<\/strong> &#8211; Patrick de Cambourg &#8211; EFRAG PTF and French ANC Chair\u00a0<\/a>&#8211; Part one\u00a0 <a href=\"https:\/\/www.xbrleurope.org\/wp-content\/uploads\/2021\/07\/ESG-Sustainability-reporting-digital-event-24-June-28th-XBRL-Europe-digital-week_DE-CAMBOURG_PART-ONE_PART-ONE.mp4\"><img loading=\"lazy\" decoding=\"async\" class=\"alignnone  wp-image-4761\" src=\"https:\/\/www.xbrleurope.org\/wp-content\/uploads\/2021\/05\/video.jpg\" alt=\"\" width=\"45\" height=\"45\" srcset=\"https:\/\/www.xbrleurope.org\/wp-content\/uploads\/2021\/05\/video.jpg 225w, https:\/\/www.xbrleurope.org\/wp-content\/uploads\/2021\/05\/video-150x150.jpg 150w, https:\/\/www.xbrleurope.org\/wp-content\/uploads\/2021\/05\/video-46x46.jpg 46w\" sizes=\"auto, (max-width: 45px) 100vw, 45px\" \/><\/a>\u00a0&#8211; Part two <a href=\"https:\/\/www.xbrleurope.org\/wp-content\/uploads\/2021\/05\/ESG-Sustainability-reporting-digital-event-24-June-28th-XBRL-Europe-digital-week_DE-CAMBOURG_PART-TWO.mp4\"><img loading=\"lazy\" decoding=\"async\" class=\"alignnone  wp-image-4761\" src=\"https:\/\/www.xbrleurope.org\/wp-content\/uploads\/2021\/05\/video.jpg\" alt=\"\" width=\"46\" height=\"46\" srcset=\"https:\/\/www.xbrleurope.org\/wp-content\/uploads\/2021\/05\/video.jpg 225w, https:\/\/www.xbrleurope.org\/wp-content\/uploads\/2021\/05\/video-150x150.jpg 150w, https:\/\/www.xbrleurope.org\/wp-content\/uploads\/2021\/05\/video-46x46.jpg 46w\" sizes=\"auto, (max-width: 46px) 100vw, 46px\" \/><\/a>&#8211; Part three\u00a0 <a href=\"https:\/\/www.xbrleurope.org\/wp-content\/uploads\/2021\/05\/ESG-Sustainability-reporting-digital-event-24-June-28th-XBRL-Europe-digital-week_DE-CAMBOURG_PART-THREE.mp4\"><img loading=\"lazy\" decoding=\"async\" class=\"alignnone  wp-image-4761\" src=\"https:\/\/www.xbrleurope.org\/wp-content\/uploads\/2021\/05\/video.jpg\" alt=\"\" width=\"45\" height=\"45\" srcset=\"https:\/\/www.xbrleurope.org\/wp-content\/uploads\/2021\/05\/video.jpg 225w, https:\/\/www.xbrleurope.org\/wp-content\/uploads\/2021\/05\/video-150x150.jpg 150w, https:\/\/www.xbrleurope.org\/wp-content\/uploads\/2021\/05\/video-46x46.jpg 46w\" sizes=\"auto, (max-width: 45px) 100vw, 45px\" \/><\/a><\/li>\n<li><a href=\"#phil\">14:40 <strong>The ESG approach in the UK<\/strong> &#8211; Philip Fitz-Gerald UK FRC Director of the Financial Reporting Lab<\/a> &#8211; Part one <a href=\"https:\/\/www.xbrleurope.org\/wp-content\/uploads\/2021\/05\/ESG-Sustainability-reporting-digital-event-24-June-28th-XBRL-Europe-digital-week_FITZ-GERALD_PART-ONE.mp4\"><img loading=\"lazy\" decoding=\"async\" class=\"alignnone  wp-image-4761\" src=\"https:\/\/www.xbrleurope.org\/wp-content\/uploads\/2021\/05\/video.jpg\" alt=\"\" width=\"47\" height=\"47\" srcset=\"https:\/\/www.xbrleurope.org\/wp-content\/uploads\/2021\/05\/video.jpg 225w, https:\/\/www.xbrleurope.org\/wp-content\/uploads\/2021\/05\/video-150x150.jpg 150w, https:\/\/www.xbrleurope.org\/wp-content\/uploads\/2021\/05\/video-46x46.jpg 46w\" sizes=\"auto, (max-width: 47px) 100vw, 47px\" \/><\/a> &#8211; Part two <a href=\"https:\/\/www.xbrleurope.org\/wp-content\/uploads\/2021\/05\/ESG-Sustainability-reporting-digital-event-24-June-28th-XBRL-Europe-digital-week_FITZ-GERALD_PART-TWO.mp4\"><img loading=\"lazy\" decoding=\"async\" class=\"alignnone  wp-image-4761\" src=\"https:\/\/www.xbrleurope.org\/wp-content\/uploads\/2021\/05\/video.jpg\" alt=\"\" width=\"45\" height=\"45\" srcset=\"https:\/\/www.xbrleurope.org\/wp-content\/uploads\/2021\/05\/video.jpg 225w, https:\/\/www.xbrleurope.org\/wp-content\/uploads\/2021\/05\/video-150x150.jpg 150w, https:\/\/www.xbrleurope.org\/wp-content\/uploads\/2021\/05\/video-46x46.jpg 46w\" sizes=\"auto, (max-width: 45px) 100vw, 45px\" \/><\/a><\/li>\n<li><a href=\"#tord\">14:50 <strong>A changing European ESG landscape with Sustainability reporting initiatives and an emerging digitalised reporting chain<\/strong> \u2013 Tord Andersson XBRL Sweden &#8211;<\/a> \u00a0 <a href=\"https:\/\/www.xbrleurope.org\/wp-content\/uploads\/2021\/05\/4-1450210624LandscapeAndersson.pdf\"><img loading=\"lazy\" decoding=\"async\" class=\"alignnone  wp-image-1772\" src=\"https:\/\/www.xbrleurope.org\/wp-content\/uploads\/2018\/12\/Adobe_Acrobat.png\" alt=\"\" width=\"45\" height=\"45\" srcset=\"https:\/\/www.xbrleurope.org\/wp-content\/uploads\/2018\/12\/Adobe_Acrobat.png 256w, https:\/\/www.xbrleurope.org\/wp-content\/uploads\/2018\/12\/Adobe_Acrobat-150x150.png 150w, https:\/\/www.xbrleurope.org\/wp-content\/uploads\/2018\/12\/Adobe_Acrobat-46x46.png 46w\" sizes=\"auto, (max-width: 45px) 100vw, 45px\" \/><\/a> <a href=\"https:\/\/www.xbrleurope.org\/wp-content\/uploads\/2021\/05\/ESG-Sustainability-reporting-digital-event-24-June-28th-XBRL-Europe-digital-week_TORD-ANDERSSON.mp4\"><img loading=\"lazy\" decoding=\"async\" class=\"alignnone  wp-image-4761\" src=\"https:\/\/www.xbrleurope.org\/wp-content\/uploads\/2021\/05\/video.jpg\" alt=\"\" width=\"44\" height=\"44\" srcset=\"https:\/\/www.xbrleurope.org\/wp-content\/uploads\/2021\/05\/video.jpg 225w, https:\/\/www.xbrleurope.org\/wp-content\/uploads\/2021\/05\/video-150x150.jpg 150w, https:\/\/www.xbrleurope.org\/wp-content\/uploads\/2021\/05\/video-46x46.jpg 46w\" sizes=\"auto, (max-width: 44px) 100vw, 44px\" \/><\/a><\/li>\n<\/ul>\n<ul>\n<li>15:00 <strong>Q&amp;A <\/strong>&#8211; Part one <a href=\"https:\/\/www.xbrleurope.org\/wp-content\/uploads\/2021\/05\/ESG-Sustainability-reporting-digital-event-24-June-28th-XBRL-Europe-digital-week_QA_PART-ONE.mp4\"><img loading=\"lazy\" decoding=\"async\" class=\"alignnone  wp-image-4761\" src=\"https:\/\/www.xbrleurope.org\/wp-content\/uploads\/2021\/05\/video.jpg\" alt=\"\" width=\"45\" height=\"45\" srcset=\"https:\/\/www.xbrleurope.org\/wp-content\/uploads\/2021\/05\/video.jpg 225w, https:\/\/www.xbrleurope.org\/wp-content\/uploads\/2021\/05\/video-150x150.jpg 150w, https:\/\/www.xbrleurope.org\/wp-content\/uploads\/2021\/05\/video-46x46.jpg 46w\" sizes=\"auto, (max-width: 45px) 100vw, 45px\" \/><\/a>&#8211; Part two <a href=\"https:\/\/www.xbrleurope.org\/wp-content\/uploads\/2021\/05\/ESG-Sustainability-reporting-digital-event-24-June-28th-XBRL-Europe-digital-week_QA_PART-TWO.mp4\"><img loading=\"lazy\" decoding=\"async\" class=\"alignnone  wp-image-4761\" src=\"https:\/\/www.xbrleurope.org\/wp-content\/uploads\/2021\/05\/video.jpg\" alt=\"\" width=\"42\" height=\"42\" srcset=\"https:\/\/www.xbrleurope.org\/wp-content\/uploads\/2021\/05\/video.jpg 225w, https:\/\/www.xbrleurope.org\/wp-content\/uploads\/2021\/05\/video-150x150.jpg 150w, https:\/\/www.xbrleurope.org\/wp-content\/uploads\/2021\/05\/video-46x46.jpg 46w\" sizes=\"auto, (max-width: 42px) 100vw, 42px\" \/><\/a><\/li>\n<li>15:10 <strong>Break<\/strong><\/li>\n<li>15:25 <strong>Introduction of the 2nd part and Moderation<\/strong> \u2013 <a href=\"#Anne-Marie\">Anne-Marie Schoonbeek<\/a>, Ren\u00e9 van der Meij <a href=\"https:\/\/www.xbrleurope.org\/wp-content\/uploads\/2021\/05\/ESG-Sustainability-reporting-digital-event-24-June-28th-XBRL-Europe-digital-week_ESG-reporting-as-a-business-strategy_INTRODUCTION-SECOND-PART-AND-MODERATIONO.mp4\"><img loading=\"lazy\" decoding=\"async\" class=\"alignnone  wp-image-4761\" src=\"https:\/\/www.xbrleurope.org\/wp-content\/uploads\/2021\/05\/video.jpg\" alt=\"\" width=\"44\" height=\"44\" srcset=\"https:\/\/www.xbrleurope.org\/wp-content\/uploads\/2021\/05\/video.jpg 225w, https:\/\/www.xbrleurope.org\/wp-content\/uploads\/2021\/05\/video-150x150.jpg 150w, https:\/\/www.xbrleurope.org\/wp-content\/uploads\/2021\/05\/video-46x46.jpg 46w\" sizes=\"auto, (max-width: 44px) 100vw, 44px\" \/><\/a><\/li>\n<li>15:30 <strong>ESG reporting as a business strategy: lessons learned by companies on their ESG journey &#8211; <\/strong><a href=\"#Veronique\">V\u00e9ronique Toully &#8211; Vice-President and Global Head of Sustainability UCB<\/a> and <a href=\"#Florent\">Florent Chaix &#8211; investor Relations manager Bureau Veritas<\/a>&#8211; Part one <a href=\"https:\/\/www.xbrleurope.org\/wp-content\/uploads\/2021\/05\/ESG-Sustainability-reporting-digital-event-24-June-28th-XBRL-Europe-digital-week_ESG-reporting-as-a-business-strategy_lessons-learned-by-companies-on-their-ESG-journey-_PART-ONE.mp4\"><img loading=\"lazy\" decoding=\"async\" class=\"alignnone  wp-image-4761\" src=\"https:\/\/www.xbrleurope.org\/wp-content\/uploads\/2021\/05\/video.jpg\" alt=\"\" width=\"45\" height=\"45\" srcset=\"https:\/\/www.xbrleurope.org\/wp-content\/uploads\/2021\/05\/video.jpg 225w, https:\/\/www.xbrleurope.org\/wp-content\/uploads\/2021\/05\/video-150x150.jpg 150w, https:\/\/www.xbrleurope.org\/wp-content\/uploads\/2021\/05\/video-46x46.jpg 46w\" sizes=\"auto, (max-width: 45px) 100vw, 45px\" \/><\/a> &#8211; Part two <a href=\"https:\/\/www.xbrleurope.org\/wp-content\/uploads\/2021\/05\/ESG-Sustainability-reporting-digital-event-24-June-28th-XBRL-Europe-digital-week_ESG-reporting-as-a-business-strategy_lessons-learned-by-companies-on-their-ESG-journey-_PART-TWO.mp4\"><img loading=\"lazy\" decoding=\"async\" class=\"alignnone  wp-image-4761\" src=\"https:\/\/www.xbrleurope.org\/wp-content\/uploads\/2021\/05\/video.jpg\" alt=\"\" width=\"45\" height=\"45\" srcset=\"https:\/\/www.xbrleurope.org\/wp-content\/uploads\/2021\/05\/video.jpg 225w, https:\/\/www.xbrleurope.org\/wp-content\/uploads\/2021\/05\/video-150x150.jpg 150w, https:\/\/www.xbrleurope.org\/wp-content\/uploads\/2021\/05\/video-46x46.jpg 46w\" sizes=\"auto, (max-width: 45px) 100vw, 45px\" \/><\/a><\/li>\n<li><a href=\"#dawid\">15:40 <strong>How can voluntary reporting on ESG help in financing business\u2019 activities? <\/strong>&#8211; Dawid Bastiot -member of the European Commission&#8217;s Platform on Sustainable Finance<\/a> -Part one <a href=\"https:\/\/www.xbrleurope.org\/wp-content\/uploads\/2021\/05\/ESG-Sustainability-reporting-digital-event-24-June-28th-XBRL-Europe-digital-week_How-can-voluntary-reporting-on-ESG-help-in-financing-business-activities_PART-ONE.mp4\"><img loading=\"lazy\" decoding=\"async\" class=\"alignnone  wp-image-4761\" src=\"https:\/\/www.xbrleurope.org\/wp-content\/uploads\/2021\/05\/video.jpg\" alt=\"\" width=\"45\" height=\"45\" srcset=\"https:\/\/www.xbrleurope.org\/wp-content\/uploads\/2021\/05\/video.jpg 225w, https:\/\/www.xbrleurope.org\/wp-content\/uploads\/2021\/05\/video-150x150.jpg 150w, https:\/\/www.xbrleurope.org\/wp-content\/uploads\/2021\/05\/video-46x46.jpg 46w\" sizes=\"auto, (max-width: 45px) 100vw, 45px\" \/><\/a> &#8211; Part two <a href=\"https:\/\/www.xbrleurope.org\/wp-content\/uploads\/2021\/05\/ESG-Sustainability-reporting-digital-event-24-June-28th-XBRL-Europe-digital-week_How-can-voluntary-reporting-on-ESG-help-in-financing-business-activities_PART-TWO.mp4\"><img loading=\"lazy\" decoding=\"async\" class=\"alignnone  wp-image-4761\" src=\"https:\/\/www.xbrleurope.org\/wp-content\/uploads\/2021\/05\/video.jpg\" alt=\"\" width=\"45\" height=\"45\" srcset=\"https:\/\/www.xbrleurope.org\/wp-content\/uploads\/2021\/05\/video.jpg 225w, https:\/\/www.xbrleurope.org\/wp-content\/uploads\/2021\/05\/video-150x150.jpg 150w, https:\/\/www.xbrleurope.org\/wp-content\/uploads\/2021\/05\/video-46x46.jpg 46w\" sizes=\"auto, (max-width: 45px) 100vw, 45px\" \/><\/a><\/li>\n<li><a href=\"#liv\">15:50 <strong>A Collaborative Approach to Digitization of Sustainability Standards<\/strong> \u2013 Liv A. Watson The Impact Management Project (IMP) &#8211; <\/a><a href=\"https:\/\/www.xbrleurope.org\/wp-content\/uploads\/2021\/05\/8-A-Collaborative-Approach-to-Digitization-of-Sustainability-Standards-by-Liv-Watson-.pdf\"><img loading=\"lazy\" decoding=\"async\" class=\"alignnone  wp-image-1772\" src=\"https:\/\/www.xbrleurope.org\/wp-content\/uploads\/2018\/12\/Adobe_Acrobat.png\" alt=\"\" width=\"45\" height=\"45\" srcset=\"https:\/\/www.xbrleurope.org\/wp-content\/uploads\/2018\/12\/Adobe_Acrobat.png 256w, https:\/\/www.xbrleurope.org\/wp-content\/uploads\/2018\/12\/Adobe_Acrobat-150x150.png 150w, https:\/\/www.xbrleurope.org\/wp-content\/uploads\/2018\/12\/Adobe_Acrobat-46x46.png 46w\" sizes=\"auto, (max-width: 45px) 100vw, 45px\" \/><\/a>&#8211; Part one <a href=\"https:\/\/www.xbrleurope.org\/wp-content\/uploads\/2021\/05\/ESG-Sustainability-reporting-digital-event-24-June-28th-XBRL-Europe-digital-week_A-Collaborative-Approach-to-Digitization-of-Sustainability-Standards_PART-ONE.mp4\"><img loading=\"lazy\" decoding=\"async\" class=\"alignnone  wp-image-4761\" src=\"https:\/\/www.xbrleurope.org\/wp-content\/uploads\/2021\/05\/video.jpg\" alt=\"\" width=\"45\" height=\"45\" srcset=\"https:\/\/www.xbrleurope.org\/wp-content\/uploads\/2021\/05\/video.jpg 225w, https:\/\/www.xbrleurope.org\/wp-content\/uploads\/2021\/05\/video-150x150.jpg 150w, https:\/\/www.xbrleurope.org\/wp-content\/uploads\/2021\/05\/video-46x46.jpg 46w\" sizes=\"auto, (max-width: 45px) 100vw, 45px\" \/><\/a> &#8211; Part two\u00a0 <a href=\"https:\/\/www.xbrleurope.org\/wp-content\/uploads\/2021\/05\/ESG-Sustainability-reporting-digital-event-24-June-28th-XBRL-Europe-digital-week_A-Collaborative-Approach-to-Digitization-of-Sustainability-Standards_PART-TWO.mp4\"><img loading=\"lazy\" decoding=\"async\" class=\"alignnone  wp-image-4761\" src=\"https:\/\/www.xbrleurope.org\/wp-content\/uploads\/2021\/05\/video.jpg\" alt=\"\" width=\"45\" height=\"45\" srcset=\"https:\/\/www.xbrleurope.org\/wp-content\/uploads\/2021\/05\/video.jpg 225w, https:\/\/www.xbrleurope.org\/wp-content\/uploads\/2021\/05\/video-150x150.jpg 150w, https:\/\/www.xbrleurope.org\/wp-content\/uploads\/2021\/05\/video-46x46.jpg 46w\" sizes=\"auto, (max-width: 45px) 100vw, 45px\" \/><\/a><\/li>\n<li><a href=\"#erik\">16:00 <strong>Reporting standards landscape<\/strong> \u2013 Erik Breen &#8211; Chair of the &lt;IR&gt; Framework Panel &#8211;<\/a> <a href=\"https:\/\/www.xbrleurope.org\/wp-content\/uploads\/2021\/05\/9-1600210624FrameworkBreen.pdf\"><img loading=\"lazy\" decoding=\"async\" class=\"alignnone  wp-image-1772\" src=\"https:\/\/www.xbrleurope.org\/wp-content\/uploads\/2018\/12\/Adobe_Acrobat.png\" alt=\"\" width=\"45\" height=\"45\" srcset=\"https:\/\/www.xbrleurope.org\/wp-content\/uploads\/2018\/12\/Adobe_Acrobat.png 256w, https:\/\/www.xbrleurope.org\/wp-content\/uploads\/2018\/12\/Adobe_Acrobat-150x150.png 150w, https:\/\/www.xbrleurope.org\/wp-content\/uploads\/2018\/12\/Adobe_Acrobat-46x46.png 46w\" sizes=\"auto, (max-width: 45px) 100vw, 45px\" \/><\/a>&#8211; <a href=\"https:\/\/www.xbrleurope.org\/wp-content\/uploads\/2021\/05\/ESG-Sustainability-reporting-digital-event-24-June-28th-XBRL-Europe-digital-week_Reporting-standards-landscape.mp4\"><img loading=\"lazy\" decoding=\"async\" class=\"alignnone  wp-image-4761\" src=\"https:\/\/www.xbrleurope.org\/wp-content\/uploads\/2021\/05\/video.jpg\" alt=\"\" width=\"45\" height=\"45\" srcset=\"https:\/\/www.xbrleurope.org\/wp-content\/uploads\/2021\/05\/video.jpg 225w, https:\/\/www.xbrleurope.org\/wp-content\/uploads\/2021\/05\/video-150x150.jpg 150w, https:\/\/www.xbrleurope.org\/wp-content\/uploads\/2021\/05\/video-46x46.jpg 46w\" sizes=\"auto, (max-width: 45px) 100vw, 45px\" \/><\/a>\u00a0<\/li>\n<li><a href=\"#ben\">16:10 <strong>Taxonomy decisions and their impact on global ESG data<\/strong> \u2013 Ben Russell Chair of the Taxonomy Architecture Guidance Task Force at XBRL International &#8211;<\/a> <a href=\"https:\/\/www.xbrleurope.org\/wp-content\/uploads\/2021\/05\/10-1610210624TaxonomyRussel.pdf\"><img loading=\"lazy\" decoding=\"async\" class=\"alignnone  wp-image-1772\" src=\"https:\/\/www.xbrleurope.org\/wp-content\/uploads\/2018\/12\/Adobe_Acrobat.png\" alt=\"\" width=\"45\" height=\"45\" srcset=\"https:\/\/www.xbrleurope.org\/wp-content\/uploads\/2018\/12\/Adobe_Acrobat.png 256w, https:\/\/www.xbrleurope.org\/wp-content\/uploads\/2018\/12\/Adobe_Acrobat-150x150.png 150w, https:\/\/www.xbrleurope.org\/wp-content\/uploads\/2018\/12\/Adobe_Acrobat-46x46.png 46w\" sizes=\"auto, (max-width: 45px) 100vw, 45px\" \/><\/a>\u00a0 &#8211; <a href=\"https:\/\/www.xbrleurope.org\/wp-content\/uploads\/2021\/05\/ESG-Sustainability-reporting-digital-event-24-June-28th-XBRL-Europe-digital-week_Taxonomy-decisions-and-their-impact-on-global-ESG-data.mp4\"><img loading=\"lazy\" decoding=\"async\" class=\"alignnone  wp-image-4761\" src=\"https:\/\/www.xbrleurope.org\/wp-content\/uploads\/2021\/05\/video.jpg\" alt=\"\" width=\"45\" height=\"45\" srcset=\"https:\/\/www.xbrleurope.org\/wp-content\/uploads\/2021\/05\/video.jpg 225w, https:\/\/www.xbrleurope.org\/wp-content\/uploads\/2021\/05\/video-150x150.jpg 150w, https:\/\/www.xbrleurope.org\/wp-content\/uploads\/2021\/05\/video-46x46.jpg 46w\" sizes=\"auto, (max-width: 45px) 100vw, 45px\" \/><\/a><\/li>\n<li><a href=\"#frank\">16:20 <strong>ESG 2.0 &#8211; the next step from an investor point of view<\/strong> \u2013 Frank Klein DWS, German Analyst society DVFA and European Federation of Financial Analyst Societies &#8211;<\/a> <a href=\"https:\/\/www.xbrleurope.org\/wp-content\/uploads\/2021\/05\/11-1620210624InvestorKlein.pdf\"><img loading=\"lazy\" decoding=\"async\" class=\"alignnone  wp-image-1772\" src=\"https:\/\/www.xbrleurope.org\/wp-content\/uploads\/2018\/12\/Adobe_Acrobat.png\" alt=\"\" width=\"45\" height=\"45\" srcset=\"https:\/\/www.xbrleurope.org\/wp-content\/uploads\/2018\/12\/Adobe_Acrobat.png 256w, https:\/\/www.xbrleurope.org\/wp-content\/uploads\/2018\/12\/Adobe_Acrobat-150x150.png 150w, https:\/\/www.xbrleurope.org\/wp-content\/uploads\/2018\/12\/Adobe_Acrobat-46x46.png 46w\" sizes=\"auto, (max-width: 45px) 100vw, 45px\" \/><\/a>\u00a0&#8211; <a href=\"https:\/\/www.xbrleurope.org\/wp-content\/uploads\/2021\/05\/ESG-Sustainability-reporting-digital-event-24-June-28th-XBRL-Europe-digital-week_ESG-2.0-the-next-step-from-an-investor-point-of-view.mp4\"><img loading=\"lazy\" decoding=\"async\" class=\"alignnone  wp-image-4761\" src=\"https:\/\/www.xbrleurope.org\/wp-content\/uploads\/2021\/05\/video.jpg\" alt=\"\" width=\"45\" height=\"45\" srcset=\"https:\/\/www.xbrleurope.org\/wp-content\/uploads\/2021\/05\/video.jpg 225w, https:\/\/www.xbrleurope.org\/wp-content\/uploads\/2021\/05\/video-150x150.jpg 150w, https:\/\/www.xbrleurope.org\/wp-content\/uploads\/2021\/05\/video-46x46.jpg 46w\" sizes=\"auto, (max-width: 45px) 100vw, 45px\" \/><\/a><\/li>\n<li><a href=\"#Hilde\">16:30 <strong>Point of view of Auditors<\/strong> \u2013 Hilde Blomme Deputy Chief Executive Accountancy Europe<\/a> &#8211; <a href=\"https:\/\/www.xbrleurope.org\/wp-content\/uploads\/2021\/05\/ESG-Sustainability-reporting-digital-event-24-June-28th-XBRL-Europe-digital-week_Point-of-view-of-Auditors-\u2013-Hilde-Blomme_Trim.mp4\"><img loading=\"lazy\" decoding=\"async\" class=\"alignnone  wp-image-4761\" src=\"https:\/\/www.xbrleurope.org\/wp-content\/uploads\/2021\/05\/video.jpg\" alt=\"\" width=\"45\" height=\"45\" srcset=\"https:\/\/www.xbrleurope.org\/wp-content\/uploads\/2021\/05\/video.jpg 225w, https:\/\/www.xbrleurope.org\/wp-content\/uploads\/2021\/05\/video-150x150.jpg 150w, https:\/\/www.xbrleurope.org\/wp-content\/uploads\/2021\/05\/video-46x46.jpg 46w\" sizes=\"auto, (max-width: 45px) 100vw, 45px\" \/><\/a>\u00a0<\/li>\n<li>16:40 <strong>Questions from audience <\/strong>&#8211; Part one <a href=\"https:\/\/www.xbrleurope.org\/wp-content\/uploads\/2021\/05\/ESG-Sustainability-reporting-digital-event-24-June-28th-XBRL-Europe-digital-week_QA-AND-CONCLUSIONS_PART-ONE.mp4\"><img loading=\"lazy\" decoding=\"async\" class=\"alignnone  wp-image-4761\" src=\"https:\/\/www.xbrleurope.org\/wp-content\/uploads\/2021\/05\/video.jpg\" alt=\"\" width=\"45\" height=\"45\" srcset=\"https:\/\/www.xbrleurope.org\/wp-content\/uploads\/2021\/05\/video.jpg 225w, https:\/\/www.xbrleurope.org\/wp-content\/uploads\/2021\/05\/video-150x150.jpg 150w, https:\/\/www.xbrleurope.org\/wp-content\/uploads\/2021\/05\/video-46x46.jpg 46w\" sizes=\"auto, (max-width: 45px) 100vw, 45px\" \/><\/a> &#8211; Part two <a href=\"https:\/\/www.xbrleurope.org\/wp-content\/uploads\/2021\/05\/ESG-Sustainability-reporting-digital-event-24-June-28th-XBRL-Europe-digital-week_QA-AND-CONCLUSIONS_PART-TWO.mp4\"><img loading=\"lazy\" decoding=\"async\" class=\"alignnone  wp-image-4761\" src=\"https:\/\/www.xbrleurope.org\/wp-content\/uploads\/2021\/05\/video.jpg\" alt=\"\" width=\"45\" height=\"45\" srcset=\"https:\/\/www.xbrleurope.org\/wp-content\/uploads\/2021\/05\/video.jpg 225w, https:\/\/www.xbrleurope.org\/wp-content\/uploads\/2021\/05\/video-150x150.jpg 150w, https:\/\/www.xbrleurope.org\/wp-content\/uploads\/2021\/05\/video-46x46.jpg 46w\" sizes=\"auto, (max-width: 45px) 100vw, 45px\" \/><\/a>\u00a0&#8211; Part three <a href=\"https:\/\/www.xbrleurope.org\/wp-content\/uploads\/2021\/05\/ESG-Sustainability-reporting-digital-event-24-June-28th-XBRL-Europe-digital-week_QA-AND-CONCLUSIONS_PART-THREE.mp4\"><img loading=\"lazy\" decoding=\"async\" class=\"alignnone  wp-image-4761\" src=\"https:\/\/www.xbrleurope.org\/wp-content\/uploads\/2021\/05\/video.jpg\" alt=\"\" width=\"45\" height=\"45\" srcset=\"https:\/\/www.xbrleurope.org\/wp-content\/uploads\/2021\/05\/video.jpg 225w, https:\/\/www.xbrleurope.org\/wp-content\/uploads\/2021\/05\/video-150x150.jpg 150w, https:\/\/www.xbrleurope.org\/wp-content\/uploads\/2021\/05\/video-46x46.jpg 46w\" sizes=\"auto, (max-width: 45px) 100vw, 45px\" \/><\/a><\/li>\n<li>17:00 <strong>Conclusions<\/strong> &#8211; Ren\u00e9 van der Meij co Chair of XBRL Europe<\/li>\n<li>\u00a0<\/li>\n<li>Sustainability \/ ESG Working Group, Gilles Maguet CEO XBRL Europe<\/li>\n<\/ul>\n<p><a id=\"patrick\"><\/a>_______________________________________________<\/p>\n<p><strong>Presenter<\/strong>: Patrick de Cambourg, Autorit\u00e9 des Normes Comptables (ANC)<\/p>\n<p><a href=\"https:\/\/www.xbrleurope.org\/?attachment_id=3537\" rel=\"attachment wp-att-3537\"><img loading=\"lazy\" decoding=\"async\" class=\"\" src=\"https:\/\/www.xbrleurope.org\/wp-content\/uploads\/2020\/06\/Patrick-de-Cambourg.jpg\" sizes=\"auto, (max-width: 117px) 100vw, 117px\" srcset=\"https:\/\/www.xbrleurope.org\/wp-content\/uploads\/2020\/06\/Patrick-de-Cambourg.jpg 593w, https:\/\/www.xbrleurope.org\/wp-content\/uploads\/2020\/06\/Patrick-de-Cambourg-272x300.jpg 272w\" alt=\"\" width=\"159\" height=\"175\" \/><\/a><\/p>\n<p><strong>About Patrick de Cambourg<br \/><\/strong>Patrick de Cambourg, a Political sciences graduate (Sciences Po Paris), holds also degrees in public law and business law and is Bachelor of Arts. As chartered accountant and auditor, he spent his entire professional career within the Mazars Group, successively as junior, manager and partner. He became President of Mazars in 1983. In 1995, he was appointed as Chairman of the Management Board of the newly created international partnership and became in 2012 Chairman of the Supervisory Board. Since late 2014, he has been Honorary President of the Mazars Group. <br \/><br \/>Since March 2015, Patrick de Cambourg has been President of the French public accounting standards setting authority (ANC\/ Autorit\u00e9 des normes comptables). As such he is also a Board member of the European body with advisory capacity to the European Commission on IFRS (EFRAG \/ European Financial Reporting Advisory Group) and a member of the IASB forum of major standards setters (ASAF \/ Accounting Standards Advisory Forum). In addition, he is a Board member of the French capital markets regulatory and supervisory authority (AMF \/ Autorit\u00e9s des march\u00e9s financiers), of the French banking and insurance supervisory authority (ACPR \/ Autorit\u00e9 de contr\u00f4le prudentiel et de r\u00e9solution) and of the French financial stability body (HCSF \/ Haut Conseil de Stabilit\u00e9 Financi\u00e8re). <br \/><br \/>At the special request of the French government, he recently prepared two reports on: the future of the accounting profession (June 2018) and propositions to develop further non-financial information (\u201cEnsuring the relevance and reliability of non-financial information: an ambition and a competitive advantage for a sustainable Europe\u201d. May 2019.).<\/p>\n<p><a id=\"phil\"><\/a>_______________________________________________<\/p>\n<p><strong>Presenter:<\/strong> Phil Fitz-Gerald, Financial Reporting Council\u00a0<\/p>\n<p><img loading=\"lazy\" decoding=\"async\" class=\"alignnone wp-image-3440\" src=\"https:\/\/www.xbrleurope.org\/wp-content\/uploads\/2020\/06\/Phil-Fitz-Gerald-photo-200x300.jpg\" alt=\"\" width=\"117\" height=\"175\" \/><\/p>\n<p><strong>About Phil Fitz-Gerald<br \/><\/strong>Phil became Director of the Financial Reporting Lab in 2017. He is a Chartered Accountant in the UK with over 20 years of experience in accounting and audit, focusing on improving the quality of company reporting. He has worked for the Financial Reporting Council since 2009 and was previously the Head of Case Examination and Enquiries. <br \/>Phil started his career in the audit practice of KPMG where he spent ten years, the latter half of which he worked as a senior manager in the firm\u2019s professional practice department. After leaving practice, he spent five years as a training consultant helping companies with their corporate reporting requirements before joining the FRC.<\/p>\n<p>Phil is also a board member of XBRL International<\/p>\n<p><a id=\"tord\"><\/a>______________________<\/p>\n<p><strong>Presenter:<\/strong>\u00a0Tord Andersson, RVA Consulting<\/p>\n<p><img loading=\"lazy\" decoding=\"async\" class=\"alignnone wp-image-3463\" src=\"https:\/\/www.xbrleurope.org\/wp-content\/uploads\/2020\/06\/Tord-Andersson-e1591282654238.jpg\" alt=\"\" width=\"142\" height=\"175\" \/><\/p>\n<p><strong>About Tord Andersson<br \/><\/strong>Tord Andersson is Director at RVA Consulting, a finance and strategy business consultant for SME-companies in Sweden. He has earlier worked as a senior investment analyst (buy-side) and financial\/research analyst (sell-side) in the finance industry as well as a product manager in the telecom equipment industry. He has also been a visiting senior lecturer in finance at University of Hertfordshire Business School (UK). His recent texts include \u201cAccounting for carbon and reframing disclosure: A business model approach\u201d (Accounting Forum 2014) and \u201cAccounting for business models: Increasing the visibility of stakeholders\u201d (Journal of Business Models 2015).<\/p>\n<p>Tord is also a member of XBRL Sweden, Sweden Sustainable Investment Forum and The Swedish Society of Financial Analysts.<\/p>\n<p><a id=\"Veronique\"><\/a>______________________<\/p>\n<p><strong>Presenter<\/strong>: V\u00e9ronique Toully, <b>Vice-President and Global Head of Sustainability UCB<\/b><\/p>\n<p><img loading=\"lazy\" decoding=\"async\" class=\"\" src=\"https:\/\/www.xbrleurope.org\/wp-content\/uploads\/2021\/06\/20200203_small-e1623924424292.jpg\" alt=\"\" width=\"138\" height=\"184\" \/><\/p>\n<p><strong>About<\/strong> <strong>V\u00e9ronique Toully :<br \/><\/strong><span style=\"font-size: inherit;\">V\u00e9ronique Toully is Vice-President and Global Head of Sustainability for UCB, a global <\/span>biopharmaceutical company focused on creating value for people living with severe diseases in immunology and neurology. She is responsible for the integration of sustainability within the company strategy and for supporting the organization in incorporating economic, social and environmental perspectives in order to drive UCB\u2019s sustainable business growth. V\u00e9ronique joined UCB in 2004 to set up their Market Access Department, integrating outcomes research, pricing and reimbursement strategies. She then led their global team in charge of bringing together the perspectives of patients, payers and healthcare providers into UCB strategy.<br \/><br \/>In 2010, V\u00e9ronique moved to Australia with her family to lead the UCB Australia and New Zealand affiliate. In 2013, she became Managing Director of UCB China, based in Shanghai for 5 years.<br \/><br \/>Prior to joining UCB, V\u00e9ronique had 10 years\u2019 experience as partner in a consulting firm in France. She supported clients in their pricing and reimbursement strategies for drugs and medical devices and worked for leading Fortune 500 pharmaceutical companies and biotech firms. She started her career as a scientist at LFB in France, a pharmaceutical group specialized in plasma derived and recombinant therapeutic proteins for the treatment of rare diseases. Veronique is a Doctor in Veterinary Medicine (Oniris, France) with a MBA (HEC, France) and a Diploma in Health Economics from the University of York (UK). She is currently undertaking a Master of Studies in Sustainability Leadership at the University of Cambridge (UK), and is the happy mum of 2 daughters.<\/p>\n<p><a id=\"Florent\"><\/a>______________________<\/p>\n<p><strong>Presenter:<\/strong> Florent Chaix, investor Relations Manager at Bureau Veritas<\/p>\n<p><img loading=\"lazy\" decoding=\"async\" class=\"\" src=\"https:\/\/www.xbrleurope.org\/wp-content\/uploads\/2021\/06\/Florent-Chaix-e1624020653235.jpeg\" alt=\"\" width=\"148\" height=\"197\" \/><\/p>\n<p><strong>About Florent Chaix:<br \/><\/strong>Florent Chaix started his career in 2008 at KPMG Paris within the Middle Market business unit. He worked both in audit (statutory and consolidated accounts) and advisory services (management support to establish consolidated accounts, treasury management, and profitability analysis) for companies with revenue comprised between \u20ac50 million and \u20ac5 billion, and exposed to various end-markets. He was also intermittently appointed on Forensic missions (anti-fraud, anti-bribery). In 2013, he pursued his career as Investor Relations Analyst for Vallourec, a company producing tubular solutions mainly for the energy sector. Before joining Bureau Veritas in 2017, Florent worked for SCOR, a global reinsurance company, where he was Investor Relations Manager. Throughout his experience as Investor Relations, he was deeply involved in the development of ESG\/non-financial communication. Florent is a graduate of ESCE Business School and IAE Poitiers University, in International Finance and Financial engineering. He experienced international exchanges at Concordia University (Montreal) and EBS-Regent\u2019s University (London). He achieved in 2015 a Certificate on Financial Communication &amp; Investor Relations delivered by the University of Paris Dauphine, in partnership with the CLIFF (French IR professionals association).<\/p>\n<p><a id=\"dawid\"><\/a>______________________<\/p>\n<p><strong>Presenter<\/strong>: Dawid Bastiot, Member of the European Commission&#8217;s Platform on Sustainable Finance<\/p>\n<p><img loading=\"lazy\" decoding=\"async\" class=\"\" src=\"https:\/\/www.xbrleurope.org\/wp-content\/uploads\/2021\/06\/dawid.png\" alt=\"\" width=\"149\" height=\"199\" \/><\/p>\n<p><strong>About Dawid Bastiot:<\/strong><br \/>Dawid is an EU affairs specialist who partners with energy companies to help them manage the transition to a sustainable enterprise. Dawid has been nominated to serve as a member of the European Commission&#8217;s Platform on Sustainable Finance. He also is the co-director in a Certificate of Advanced Studies in SDG Investing at the Graduate Institute in Geneva. Dawid spent a decade working in managerial and executive roles, in the field of development finance and regional development for public and non-governmental organizations. Dawid holds a Ph.D. from the IHEID.\u00a0<br \/><br \/><\/p>\n<p><a id=\"liv\"><\/a>______________________<\/p>\n<p><strong>Presenter:<\/strong> Liv A. Watson, Senior Advisor and Digitisation Lead, The Impact Management Project (IMP)<\/p>\n<p><img loading=\"lazy\" decoding=\"async\" class=\"alignnone\" src=\"https:\/\/www.xbrleurope.org\/wp-content\/uploads\/2021\/06\/LivWatson.png\" alt=\"\" width=\"168\" height=\"175\" \/><\/p>\n<p><strong>Abstract<\/strong><br \/>The\u00a0Non-financial\u00a0Digitisation Working Group\u00a0(NDWG)\u00a0\u00a0 was established in\u00a0autumn\u00a02020 to\u00a0assess the feasibility of establishing\u00a0a\u00a0public good\u00a0registry\u00a0of\u00a0digital taxonomies,\u00a0as a mechanism\u00a0to develop and maintain digitised versions of sustainability standards\u00a0and \u2013 by\u00a0consequence\u00a0\u2013\u00a0to achieve\u00a0greater flows of sustainability information between preparer and users.\u00a0<\/p>\n<p>NDWG is hosted by the Impact Management Project (IMP), a forum for building global consensus on measuring, managing and reporting impacts on sustainability. Part of the IMP\u2019s work is\u00a0to facilitate\u00a0standard-setting organisations that are coordinating efforts to provide comprehensive standards to the market.\u00a0 In this session we share key takeaway from the project.<\/p>\n<p><strong>About Liv Watson<br \/><\/strong>Liv is on secondment to the IMP, leading the IMP\u2019s facilitation on digitisation. She also chairs the IMP\u2019s Non-financial Digital Transformation Working Group, an initiative aiming to determine if and how non-financial reporting lends itself to structured data using the open international standard for digital business reporting, XBRL.<\/p>\n<p>As the co-founder of XBRL and the XBRL International consortium, Liv works globally with leading market regulators, accounting associations and institutions. She has held several speaking engagements on financial and business reporting standards, its benefits, potential applications and adoption in corporate governance and social responsibility reporting. Liv has also held several leadership positions related to XBRL, including as a member of the IFRS XBRL Advisory Committee, the XBRL International Steering Committee and the XBRL Standing Committee.<\/p>\n<p>Liv has authored one of the Institute of Management Accountants (IMA)\u2019s most successful professional courses, \u201cAccounting System Technology for the 21st\u00a0Century\u201d, and published numerous articles for international publications and journals. She is an editorial board member of the \u201cInternational Journal of Disclosure and Governance\u201d, as well as the co- and contributing author to several books, including \u201cXBRL for Dummies\u201d, and the \u201cGovernance, Risk and Compliance Handbook\u201d, \u201cThe Landscape of Integrated Reporting,\u201d and \u201cEffective Auditing for Corporations\u201d.<\/p>\n<p>For the past 10 years, Liv has also been the Senior Director of Strategic Customer Initiatives at Workiva Inc., which has served over 70% of fortune 500 companies and more than 200 EU companies with their statutory reporting requirements.<\/p>\n<p><a id=\"erik\"><\/a>______________________<\/p>\n<p><strong>Presenter: <\/strong>Erik Breen, Chair of the &lt;IR&gt; Framework Panel<\/p>\n<p><img loading=\"lazy\" decoding=\"async\" class=\"\" src=\"https:\/\/www.xbrleurope.org\/wp-content\/uploads\/2021\/06\/erikbreen.jpg\" width=\"165\" height=\"165\" \/><\/p>\n<p><strong>About Erik Breen:<\/strong><br \/><span style=\"font-size: inherit;\">Erik Breen (1972), Chair of the &lt;IR&gt; Framework Panel, has the ambition to (re)<\/span>connect the power of (institutional) capital with the beneficiaries\u2019 non-financial values through a realistic business-driven approach. He has 24 years\u2019 experience in asset management, especially in integrating finance and sustainability. He held (or holds) various positions with Robeco, Triodos Investment Management and auxiliary functions with Eumedion, ICGN and Integrated Reporting. He has been at the forefront of global developments in corporate governance, responsible investment, stewardship and sustainability and impact investing. He has international experience as board member in developing and challenging strategy, in promoting effective risk oversight and in fostering open board cultures. In 2019, he founded Infinsus, which is his own consultancy firm dedicated to integrating finance and sustainability.<\/p>\n<p><a id=\"ben\"><\/a>______________________<\/p>\n<p><strong>Presenter: <\/strong>Dr Ben Russell &#8211; Chair of XII\u2019s Taxonomy Architecture Guidance Task Force \/ Strategic Markets and Innovation Director at CoreFiling<\/p>\n<p><img loading=\"lazy\" decoding=\"async\" class=\"\" src=\"https:\/\/www.xbrleurope.org\/wp-content\/uploads\/2021\/06\/BenRussellPhoto.png\" alt=\"\" width=\"175\" height=\"175\" \/><\/p>\n<p><strong>Abstract<br \/><\/strong>The eventual value of sustainability and ESG reporting will be derived from the data collected. This data is defined by the taxonomies and the filing programmes put in place to collect it. This presentation takes a global view to consider the taxonomy and filing program choices available and how decisions in this area impact the approaches needed for reporting and analysis.<\/p>\n<p>This presentation is based on work carried out by the XII Taxonomy Architecture Guidance Task Force (TAGTF) in responding to a recent public consultation on the SASB ESG taxonomy.<\/p>\n<p><strong>About Ben Russell<br \/><\/strong>Dr Ben Russell is an expert in the modelling and movement of data, with a particular interest in regulatory applications. During his ten years at CoreFiling, he has held a number of different positions that have seen him deliver consultancy, thought leadership, solution architectures, training, advice and, most of all, innovative solutions to both consumers and producers of business data. He is the long-term Chair of the Taxonomy Architecture Guidance Task Force at XBRL International, the governing body of the XBRL standard.<\/p>\n<p>Ben&#8217;s current focus is to develop and encourage new uses of standards-based and data-driven solutions to increase the value and reduce the cost of data. He holds a MEng and PhD in Electronic Engineering from the University of York, UK.<\/p>\n<p><a id=\"frank\"><\/a>______________________<\/p>\n<p><strong>Presenter<\/strong>: Frank Klein, Client Coverage Division at DWS, senior coverage specialist institutional and ESG specialist<\/p>\n<p><img loading=\"lazy\" decoding=\"async\" class=\"\" src=\"https:\/\/www.xbrleurope.org\/wp-content\/uploads\/2021\/06\/Frank-KLein_colour.jpg\" alt=\"Mr Frank Klein\" width=\"170\" height=\"175\" \/><\/p>\n<p><strong>About Frank Klein:<br \/><\/strong>Frank Klein, Client Coverage Division at DWS, senior coverage specialist institutional and ESG specialist. Frank Klein joined in 2007. Having held a position within DWS (formerly Deutsche Asset Management) as Global Head of Product Management for the institutional business, he is currently working in institutional distribution for German corporate clients and coordinates the ESG activities for the German institutional business on the distribution side. Before this, he spent 11 years at Sal. Oppenheim Kapitalanlagegesellschaft, where he served in several positions: German and European equity management for domestic and foreign institutional clients, Head of Mid and Small Caps, Oppenheim Research: Head of Equity Buyside research. Before joining Sal. Oppenheim, he had worked for Deutsche Bank AG in a broad range of positions, mainly in the Asset Management area.<\/p>\n<p>Since 2008 he has been a board member of the German national member society DVFA, between 2011 and 2018 he has been an EFFAS EMC member and since 2018 co-chair of the EFFAS ESG commission. Besides that, since 2015 he has been a member of the International Integrated Reporting Council (IIRC).<\/p>\n<p><a id=\"Hilde\"><\/a>______________________<\/p>\n<p><strong>Presenter: <\/strong>Hilde Blomme, Deputy Chief Executive Accountancy Europe<strong><br \/><\/strong><\/p>\n<p><img loading=\"lazy\" decoding=\"async\" class=\"\" src=\"https:\/\/www.xbrleurope.org\/wp-content\/uploads\/2021\/06\/hilde.png\" alt=\"\" width=\"180\" height=\"240\" \/><\/p>\n<p><strong>About Hilde Blomme:<br \/><\/strong>Hilde Blomme joined Accountancy Europe in 2003 and has been Deputy CEO since 2011. Hilde provides regulatory and technical expertise in the areas of reporting, assurance, (sustainable) finance, tax and practice development and contributes to developing the Federation\u2019s strategy as a Board member. Prior to this assignment, she spent nine years with PwC as an external auditor, consecutively in Brussels, New York and London dealing with both multinational and SME audit and assurance clients. Prior to joining PwC, she spent three years with local Belgian auditing firms serving SME clients. She started her professional career at Morgan Guaranty Trust in Brussels. She is qualified as a US Certified Public Accountant, Belgian Chartered Accountant, and member of the UK Association of Chartered Certified Accountants (ACCA). She is a member of the Reporting Lab@EFRAG Steering Group.<\/p>\n<p><a id=\"Anne-Marie\"><\/a>______________________<\/p>\n<p><strong>Host: <\/strong>Anne-Marie Schoonbeek, Member of the Sustainability \/ ESG workgroup of XBRL Europe<\/p>\n<p><img decoding=\"async\" src=\"https:\/\/www.xbrleurope.org\/wp-content\/uploads\/2021\/06\/AMSchoonbeek.jpeg\" alt=\"\" \/><\/p>\n<p><strong>About Anne-Marie Schoonbeek:<br \/><\/strong>Anne-Marie Schoonbeek is an expert in enabling company management teams to manage and improve their ESG performance and is a member of the XBRL ESG working group. She is the co-founder of Key ESG, a management software solution that enables companies to drive their long-term sustainable competitive advantage by integrating ESG into their day-to-day decision making. Before founding Key ESG, she worked in McKinsey &amp; Company&#8217;s New York and Amsterdam offices and supported executives on a range of strategic topics. She holds a MBA from the Harvard Business School and a Masters in Law from the University of Ghent and Bologna.<\/p>\n<p><a id=\"Gilles\"><\/a>______________________<\/p>\n<p><strong>Host<\/strong>: Gilles Maguet, CEO XBRL Europe<\/p>\n<p><img loading=\"lazy\" decoding=\"async\" class=\"\" src=\"https:\/\/www.xbrleurope.org\/wp-content\/uploads\/2021\/06\/GillesMaguet-e1624397188185.png\" alt=\"\" width=\"162\" height=\"216\" \/><\/p>\n<p><strong>About Gilles Maguet:\u00a0<\/strong><br \/>Gilles Maguet is Chief Executive Officer of XBRL Europe since 2008, CEO of XBRL France since 2005 and involved in the XBRL initiative since 2003. \u200b<\/p>\n<p>Gilles Maguet helps to move XBRL forward in Europe in liaising with the European and EU national Institutions\/authorities like European Commission, ESMA, ECB or others, and in assisting in the implementation through dedicated events and working group activities, of the various XBRL regulatory reportings nationally and in Europe in the banking and insurance sectors with their recent evolutions towards the integrated reporting, or recently for the stock listed companies reporting &#8211; the ESEF reporting, and obviously for the future Sustainability \/ ESG reporting in Europe. \u200b<\/p>\n<p>Gilles Maguet holds a Master degree in Engineering in advanced technologies as well as a Master degree in Financial management from Panth\u00e9on Sorbonne University, and his experience lies with engineering at the start of his career and with management and strategic consultancy since the 90&#8217;s for a range of large to small organisations, institutions and corporates.<\/p>\n<p><a id=\"Rene\"><\/a>______________________<\/p>\n<p><strong>Host<\/strong>: Ren\u00e9 van der Meij, CO-chair of the Sustainability \/ ESG workgroup of XBRL Europe<\/p>\n<p><img loading=\"lazy\" decoding=\"async\" class=\"\" src=\"https:\/\/www.xbrleurope.org\/wp-content\/uploads\/2021\/06\/Rene_linkedin_1-e1624395991432.jpg\" alt=\"\" width=\"168\" height=\"224\" \/><\/p>\n<p><strong>About\u00a0Ren\u00e9 van der Meij:<\/strong><br \/>Ren\u00e9 van der Meij is Tribe lead SBR at Visma Connect. He started his carreer in 2014 by researching on how to store knowledge in an XBRL taxonomies, in such a way that everybody would have a same understanding of the definition of\u00a0 concepts within that taxonomy. Afterwards he started to join the taxonomy team to develop the XBRL taxonomies for the Chamber of Commerce, Bureau of Statistics and the Dutch Banks at SBR Nexus. Ren\u00e9 expanded his knowledge on SBR as an active member in several Dutch SBR committees, including co-chairing the Preparer extensions workgroup, and also contributed to the XBRL chapters of challenging the chain. In his current role, Ren\u00e9 is responsible for all SBR services that Visma Connect delivers to the Dutch government, including Digipoort, Taxonomy development and human-to-system XBRL portals.<\/p>\n<p>In 2020 Ren\u00e9 joined the executive committee of XBRL Europe and became the co-chair of the ESG working group.<\/p>\n<p>\u00a0<\/p>\n<p>\u00a0<\/p>\n<p>\u00a0<\/p>\n\n\n\n\n","protected":false},"excerpt":{"rendered":"<p>XBRL Europe held a Digital Event on Sustainability\/ESG. ESG DATE: 24th June Afternoon.REGISTER TO THE WEBINAR (free registration open to members and non-members)See similar XBRL Europe webinars on other topics. \u00a0 Thursday 24th June \u2013 14:00-17:00 \u2013 Sustainability\/ ESG\u00a0 reporting Track: During three hours several presentations will be held on Environmental, Social, and\u00a0 Governance reporting. [&hellip;]<\/p>\n","protected":false},"author":1,"featured_media":0,"comment_status":"open","ping_status":"open","sticky":false,"template":"","format":"standard","meta":{"iawp_total_views":142,"footnotes":""},"categories":[28],"tags":[],"class_list":["post-4498","post","type-post","status-publish","format-standard","hentry","category-xeu-content"],"_links":{"self":[{"href":"https:\/\/www.xbrleurope.org\/index.php?rest_route=\/wp\/v2\/posts\/4498","targetHints":{"allow":["GET"]}}],"collection":[{"href":"https:\/\/www.xbrleurope.org\/index.php?rest_route=\/wp\/v2\/posts"}],"about":[{"href":"https:\/\/www.xbrleurope.org\/index.php?rest_route=\/wp\/v2\/types\/post"}],"author":[{"embeddable":true,"href":"https:\/\/www.xbrleurope.org\/index.php?rest_route=\/wp\/v2\/users\/1"}],"replies":[{"embeddable":true,"href":"https:\/\/www.xbrleurope.org\/index.php?rest_route=%2Fwp%2Fv2%2Fcomments&post=4498"}],"version-history":[{"count":97,"href":"https:\/\/www.xbrleurope.org\/index.php?rest_route=\/wp\/v2\/posts\/4498\/revisions"}],"predecessor-version":[{"id":5553,"href":"https:\/\/www.xbrleurope.org\/index.php?rest_route=\/wp\/v2\/posts\/4498\/revisions\/5553"}],"wp:attachment":[{"href":"https:\/\/www.xbrleurope.org\/index.php?rest_route=%2Fwp%2Fv2%2Fmedia&parent=4498"}],"wp:term":[{"taxonomy":"category","embeddable":true,"href":"https:\/\/www.xbrleurope.org\/index.php?rest_route=%2Fwp%2Fv2%2Fcategories&post=4498"},{"taxonomy":"post_tag","embeddable":true,"href":"https:\/\/www.xbrleurope.org\/index.php?rest_route=%2Fwp%2Fv2%2Ftags&post=4498"}],"curies":[{"name":"wp","href":"https:\/\/api.w.org\/{rel}","templated":true}]}}